{"id":8622,"date":"2025-06-03T08:34:33","date_gmt":"2025-06-03T08:34:33","guid":{"rendered":"https:\/\/nonplusultra.eu\/?p=8622"},"modified":"2025-06-03T08:41:51","modified_gmt":"2025-06-03T08:41:51","slug":"elkjoep-nordeuropas-groesster-tech-haendler","status":"publish","type":"post","link":"https:\/\/nonplusultra.eu\/de\/elkjoep-nordeuropas-groesster-tech-haendler\/","title":{"rendered":"Elkj\u00f8p Nordeuropas gr\u00f6\u00dfter Tech-H\u00e4ndler"},"content":{"rendered":"\t\t<div data-elementor-type=\"wp-post\" data-elementor-id=\"8622\" class=\"elementor elementor-8622\">\n\t\t\t\t<div class=\"elementor-element elementor-element-a01aecf e-flex e-con-boxed e-con e-parent\" data-id=\"a01aecf\" data-element_type=\"container\">\n\t\t\t\t\t<div class=\"e-con-inner\">\n\t\t\t\t<div class=\"elementor-element elementor-element-833a33d elementor-widget elementor-widget-TextsImageSection\" data-id=\"833a33d\" data-element_type=\"widget\" data-widget_type=\"TextsImageSection.default\">\n\t\t\t\t<div class=\"elementor-widget-container\">\n\t\t\t\t\t    \r\n    <div class=\"texts-image-section add_row_class spacing-small width-wide style-heading_col pos-image_right text-normal aligntext-to_media aligntext-to_media mobile-overlap\" row_class=\"texts-image-section-row\">\r\n        <div class=\"container\">\r\n            <div class=\"texts-image-section-inner animate fade-bottom\">\r\n                                \r\n                <div class=\"texts-image-content\">\r\n                    <div class=\"texts-image-content-inner\">\r\n\r\n                                                                    <div class=\"texts-image-heading size-normal animate fade-left\">\r\n                              <h2><br \/>\nElkj\u00f8p Campus: <br \/>\nWo Handel Marken bewegt<\/h2>\r\n                          <\/div>\r\n                                          \r\n                                                <div class=\"texts-image bg-image load__image animate\" data-src=\"https:\/\/nonplusultra.eu\/wp-content\/uploads\/2025\/06\/DSC08280-scaled.jpg\"><\/div>\r\n                                          <\/div>\r\n\r\n                    <div class=\"texts-section-content-inner animate\">\r\n                                                      <div class=\"texts-section-content\">\r\n                                  <p>Nordeuropas gr\u00f6\u00dfter Einzelh\u00e4ndler f\u00fcr technische Produkte. \u00dcber 400 Gesch\u00e4ft und mehr als 10.000 Mitarbeiter.<\/p>                              <\/div>\r\n                                                                                                  <\/div>\r\n                <\/div>\r\n            <\/div>\r\n                    <\/div>\r\n    <\/div>\r\n\r\n    \t\t\t\t<\/div>\n\t\t\t\t<\/div>\n\t\t\t\t\t<\/div>\n\t\t\t\t<\/div>\n\t\t<div class=\"elementor-element elementor-element-82d2b19 e-flex e-con-boxed e-con e-parent\" data-id=\"82d2b19\" data-element_type=\"container\">\n\t\t\t\t\t<div class=\"e-con-inner\">\n\t\t\t\t<div class=\"elementor-element elementor-element-d7ab68b elementor-widget elementor-widget-TextsSection\" data-id=\"d7ab68b\" data-element_type=\"widget\" data-widget_type=\"TextsSection.default\">\n\t\t\t\t<div class=\"elementor-widget-container\">\n\t\t\t\t\t    \r\n    <div class=\"texts-section add_row_class  animate fade-bottom align-left spacing-top_bottom\" row_class=\"texts-section-row\">\r\n        <div class=\"container\">\r\n            <div class=\"texts-section-inner\">\r\n                \r\n                                    <div class=\"texts-section-content\">\r\n                        <p data-start=\"109\" data-end=\"472\"><strong data-start=\"109\" data-end=\"168\">Elkj\u00f8p steht an der Spitze des nordischen Einzelhandels<\/strong> \u2013 aktiv in Norwegen, Schweden, D\u00e4nemark und Finnland unter bekannten Marken wie Elgiganten und Gigantti. Mit tiefer Kategorie-Expertise, starker Omnichannel-Pr\u00e4senz und hohem Kundenservice-Standard ist Elkj\u00f8p nicht nur Verkaufsmotor, sondern auch strategischer Partner f\u00fcr Markenwachstum in den Nordics.<\/p><p data-start=\"474\" data-end=\"782\">Jedes Jahr veranstaltet Elkj\u00f8p sein zentrales internes Trainings- und Marken-Event: den <strong data-start=\"562\" data-end=\"579\">Elkj\u00f8p Campus<\/strong>. Von \u201eTraining\u201c zu sprechen, w\u00fcrde dem Format nicht gerecht werden \u2013 es vereint das gesamte Handels\u00f6kosystem: Marken, Category Leads, Marketing-Teams und \u2013 am wichtigsten \u2013 das Verkaufspersonal vor Ort.<\/p><h3 data-start=\"784\" data-end=\"827\"><strong data-start=\"784\" data-end=\"827\">Ein Format, das kaum ein H\u00e4ndler bietet<\/strong><\/h3><p data-start=\"829\" data-end=\"1167\">Seien wir ehrlich: Kaum ein H\u00e4ndler investiert so viel in die Schulung und St\u00e4rkung seines Store-Teams. Auf dem Campus sind alle Kategorien vertreten \u2013 von Smartphones bis K\u00fcchenger\u00e4ten. Hunderte Produkte werden getestet, verglichen und diskutiert. Innovationen werden nicht nur erkl\u00e4rt \u2013 sie werden erlebt, hinterfragt und verinnerlicht.<\/p><p data-start=\"1169\" data-end=\"1406\">Und die Marken? Sie zeigen starke Pr\u00e4senz. Manche investieren \u00fcber 100.000\u202f\u20ac \u2013 nicht aus Showgr\u00fcnden, sondern weil sie wissen, was das Event erm\u00f6glicht: Produktverst\u00e4ndnis, Markenbindung und direkten Kontakt zu den Entscheidern im Store.<\/p><p data-start=\"1408\" data-end=\"1647\" data-is-last-node=\"\" data-is-only-node=\"\"><strong data-start=\"1408\" data-end=\"1463\">Dieses Jahr waren \u00fcber 100 f\u00fchrende CE-Marken dabei<\/strong> \u2013 und nonplusultra unterst\u00fctzte mehrere von ihnen dabei, herauszustechen, relevant zu bleiben und Verkaufsteams mit der richtigen Mischung aus Kreativit\u00e4t und Strategie zu aktivieren.<\/p>                    <\/div>\r\n                \r\n                            <\/div>\r\n        <\/div>\r\n    <\/div>\r\n\r\n    \t\t\t\t<\/div>\n\t\t\t\t<\/div>\n\t\t\t\t<div class=\"elementor-element elementor-element-a57fa76 elementor-widget elementor-widget-TextsImageSection\" data-id=\"a57fa76\" data-element_type=\"widget\" data-widget_type=\"TextsImageSection.default\">\n\t\t\t\t<div class=\"elementor-widget-container\">\n\t\t\t\t\t    \r\n    <div class=\"texts-image-section add_row_class spacing-normal width-wide style-heading_col pos-image_right text-wide aligntext-to_media aligntext-to_media mobile-normal\" row_class=\"texts-image-section-row\">\r\n        <div class=\"container\">\r\n            <div class=\"texts-image-section-inner animate fade-bottom\">\r\n                                \r\n                <div class=\"texts-image-content\">\r\n                    <div class=\"texts-image-content-inner\">\r\n\r\n                                                                    <div class=\"texts-image-heading size-normal animate fade-left\">\r\n                              <h2>Unser Impact bei <br \/>\nElkj\u00f8p Campus<\/h2>\r\n                          <\/div>\r\n                                          \r\n                                                <div class=\"texts-image bg-image load__image animate\" data-src=\"https:\/\/nonplusultra.eu\/wp-content\/uploads\/2025\/06\/DSC08340-scaled.jpg\"><\/div>\r\n                                          <\/div>\r\n\r\n                    <div class=\"texts-section-content-inner animate\">\r\n                                                                    <\/div>\r\n                <\/div>\r\n            <\/div>\r\n                    <\/div>\r\n    <\/div>\r\n\r\n    \t\t\t\t<\/div>\n\t\t\t\t<\/div>\n\t\t\t\t<div class=\"elementor-element elementor-element-5536b1a elementor-widget elementor-widget-TextsSection\" data-id=\"5536b1a\" data-element_type=\"widget\" data-widget_type=\"TextsSection.default\">\n\t\t\t\t<div class=\"elementor-widget-container\">\n\t\t\t\t\t    \r\n    <div class=\"texts-section add_row_class  animate fade-bottom align-left spacing-top_bottom\" row_class=\"texts-section-row\">\r\n        <div class=\"container\">\r\n            <div class=\"texts-section-inner\">\r\n                \r\n                                    <div class=\"texts-section-content\">\r\n                        <p>Retail-Events wie der Elkj\u00f8p Campus sind mehr als Logos und Flyer. Wer auffallen will, braucht Geschichten, Erlebnisseund perfekte Ausf\u00fchrung.<\/p><h3>nonplusultra unterst\u00fctzte Marken auf mehreren Ebenen:<\/h3><p><strong data-start=\"340\" data-end=\"380\">Standdesign &amp; visuelles Storytelling<\/strong><br data-start=\"380\" data-end=\"383\" \/>Von der ersten Skizze bis zur Umsetzung vor Ort \u2013 wir haben Marken-DNA in erlebbare R\u00e4ume \u00fcbersetzt.<\/p><p><strong data-start=\"485\" data-end=\"524\">Trainingskonzept &amp; Content Creation<\/strong><br data-start=\"524\" data-end=\"527\" \/>Ob 60-Sekunden-Pitch oder Deep Dive Workshop \u2013 wir entwickelten Formate f\u00fcr unterschiedliche Rollen und Lernstile im Handel.<\/p><p><strong data-start=\"653\" data-end=\"687\">Full-Service Projektmanagement<\/strong><br data-start=\"687\" data-end=\"690\" \/>Von Logistik bis Last-Minute-Anpassung \u2013 wir sorgten im Hintergrund f\u00fcr reibungslose Abl\u00e4ufe, damit die Marke im Vordergrund gl\u00e4nzen konnte.<\/p><p><strong data-start=\"832\" data-end=\"860\">Personal &amp; Markenpr\u00e4senz<\/strong><br data-start=\"860\" data-end=\"863\" \/>Unsere geschulten Trainer:innen und Brand Ambassadors kombinierten Produktwissen mit Empathie \u2013 f\u00fcr echten Impact am PoS.<\/p><p><strong data-start=\"986\" data-end=\"1003\">Das Ergebnis:<\/strong> Mehr Aufmerksamkeit. Mehr Engagement. Mehr Sicherheit im Verkaufsteam. Die Basis f\u00fcr sp\u00fcrbaren Sell-through \u2013 auch lange nach dem Event.<\/p>                    <\/div>\r\n                \r\n                            <\/div>\r\n        <\/div>\r\n    <\/div>\r\n\r\n    \t\t\t\t<\/div>\n\t\t\t\t<\/div>\n\t\t\t\t\t<\/div>\n\t\t\t\t<\/div>\n\t\t<div class=\"elementor-element elementor-element-b1d9875 e-flex e-con-boxed e-con e-parent\" data-id=\"b1d9875\" data-element_type=\"container\">\n\t\t\t\t\t<div class=\"e-con-inner\">\n\t\t\t\t<div class=\"elementor-element elementor-element-9fe7320 elementor-widget elementor-widget-TextsImageSection\" data-id=\"9fe7320\" data-element_type=\"widget\" data-widget_type=\"TextsImageSection.default\">\n\t\t\t\t<div class=\"elementor-widget-container\">\n\t\t\t\t\t    \r\n    <div class=\"texts-image-section add_row_class spacing-normal width-wide style-heading_col pos-image_right text-wide aligntext-to_media aligntext-to_media mobile-normal\" row_class=\"texts-image-section-row\">\r\n        <div class=\"container\">\r\n            <div class=\"texts-image-section-inner animate fade-bottom\">\r\n                                \r\n                <div class=\"texts-image-content\">\r\n                    <div class=\"texts-image-content-inner\">\r\n\r\n                                                                    <div class=\"texts-image-heading size-normal animate fade-left\">\r\n                              <h2>Warum sind solche<br \/>\nEvents wichtig?<\/h2>\r\n                          <\/div>\r\n                                          \r\n                                                <div class=\"texts-image bg-image load__image animate\" data-src=\"https:\/\/nonplusultra.eu\/wp-content\/uploads\/2025\/06\/DSC08301-2-scaled.jpg\"><\/div>\r\n                                          <\/div>\r\n\r\n                    <div class=\"texts-section-content-inner animate\">\r\n                                                                    <\/div>\r\n                <\/div>\r\n            <\/div>\r\n                    <\/div>\r\n    <\/div>\r\n\r\n    \t\t\t\t<\/div>\n\t\t\t\t<\/div>\n\t\t\t\t\t<\/div>\n\t\t\t\t<\/div>\n\t\t<div class=\"elementor-element elementor-element-12512ee e-flex e-con-boxed e-con e-parent\" data-id=\"12512ee\" data-element_type=\"container\">\n\t\t\t\t\t<div class=\"e-con-inner\">\n\t\t\t\t<div class=\"elementor-element elementor-element-a9fbd8e elementor-widget elementor-widget-TextsSection\" data-id=\"a9fbd8e\" data-element_type=\"widget\" data-widget_type=\"TextsSection.default\">\n\t\t\t\t<div class=\"elementor-widget-container\">\n\t\t\t\t\t    \r\n    <div class=\"texts-section add_row_class  animate fade-bottom align-left spacing-top_bottom\" row_class=\"texts-section-row\">\r\n        <div class=\"container\">\r\n            <div class=\"texts-section-inner\">\r\n                                    <div class=\"title-section-content\">\r\n                        <h3><strong>Elkj\u00f8p Campus - Vorteile des Event<\/strong><\/h3>                    <\/div>\r\n                \r\n                                    <div class=\"texts-section-content\">\r\n                        <p data-start=\"93\" data-end=\"379\"><strong data-start=\"93\" data-end=\"130\">Erlebnis schl\u00e4gt jedes Datenblatt<\/strong><br data-start=\"130\" data-end=\"133\" \/>Im Handel verkaufen sich Produkte nicht wegen ihrer technischen Daten \u2013 sondern weil jemand ihre Geschichte \u00fcberzeugend erz\u00e4hlt. Auf dem Campus erleben Verkaufsteams den \u201eWow-Moment\u201c selbst. Und genau dieses Gef\u00fchl geben sie an Kund:innen weiter.<\/p><p data-start=\"381\" data-end=\"676\"><strong data-start=\"381\" data-end=\"417\">Echtes Feedback, echte Einblicke<\/strong><br data-start=\"417\" data-end=\"420\" \/>Beim Campus bewegt man sich nicht in einer Blase. Man bekommt unmittelbare Reaktionen von Menschen, die schon hunderte Produkte gesehen haben. Dieses Feedback ist Gold wert \u2013 und hilft, Positionierung, Trainings und Aktivierungen f\u00fcr den Markt zu sch\u00e4rfen.<\/p><p data-start=\"678\" data-end=\"952\"><strong data-start=\"678\" data-end=\"705\">Sichtbarkeit, die wirkt<\/strong><br data-start=\"705\" data-end=\"708\" \/>Im Handel bringt Sichtbarkeit nichts, wenn sie nicht die Front erreicht. Events wie dieser schaffen Relevanz \u2013 nicht in PowerPoint-Folien, sondern in echten Gespr\u00e4chen. Wenn dein Produkt auf dem Campus pr\u00e4sent ist, ist es auch im Store pr\u00e4sent.<\/p><p data-start=\"954\" data-end=\"1185\"><strong data-start=\"954\" data-end=\"985\">Handel lebt von Beziehungen<\/strong><br data-start=\"985\" data-end=\"988\" \/>Am Ende z\u00e4hlen Vertrauen und Vertrautheit. Der beste Weg ins Herz (und Regal) eines H\u00e4ndlers f\u00fchrt \u00fcber gemeinsame Zeit, gemeinsame Erkenntnisse und gemeinsame Energie. Genau das bietet der Campus.<\/p><h3 data-start=\"1192\" data-end=\"1252\"><strong data-start=\"1192\" data-end=\"1252\">Die Nordics: Ein Schl\u00fcsselmarkt f\u00fcr Consumer Electronics<\/strong><\/h3><p data-start=\"1254\" data-end=\"1658\">Warum so viel Aufwand f\u00fcr ein Trainingsevent in Norwegen? Weil die Nordics als Referenzmarkt gelten: technologieaffin, digital gepr\u00e4gt und mit hohen Produktanspr\u00fcchen. Wer hier erfolgreich ist, kann oft wichtige Learnings f\u00fcr andere europ\u00e4ische M\u00e4rkte ableiten. H\u00e4ndler wie Elkj\u00f8p treffen sortimentsentscheidungen auf Basis von Daten \u2013 Produktaktivierung ist hier ein entscheidender Schritt f\u00fcr Wachstum.<\/p><p data-start=\"1660\" data-end=\"1778\">F\u00fcr CE-Marken mit Expansionspl\u00e4nen in Europa ist der Campus kein \u201eNice-to-have\u201c, sondern ein strategischer Touchpoint.<\/p>                    <\/div>\r\n                \r\n                            <\/div>\r\n        <\/div>\r\n    <\/div>\r\n\r\n    \t\t\t\t<\/div>\n\t\t\t\t<\/div>\n\t\t\t\t<div class=\"elementor-element elementor-element-f3bd45b elementor-widget elementor-widget-TextsSection\" data-id=\"f3bd45b\" data-element_type=\"widget\" data-widget_type=\"TextsSection.default\">\n\t\t\t\t<div class=\"elementor-widget-container\">\n\t\t\t\t\t    \r\n    <div class=\"texts-section add_row_class  animate fade-bottom align-left spacing-top_bottom\" row_class=\"texts-section-row\">\r\n        <div class=\"container\">\r\n            <div class=\"texts-section-inner\">\r\n                \r\n                                    <div class=\"texts-section-content\">\r\n                        <h3 data-start=\"1785\" data-end=\"1823\"><strong data-start=\"1785\" data-end=\"1823\">Unsere Rolle? Die Punkte verbinde<\/strong><\/h3><p data-start=\"1825\" data-end=\"2156\">nonplusultra unterst\u00fctzt Marken nicht nur auf Events \u2013 wir helfen ihnen, ihren Markenwert in echten Retail-Impact zu \u00fcbersetzen. Von Markenaktivierung und Vertriebstrainings bis hin zu Field Services und Omnichannel-Kampagnen: Unser Ziel ist es, dass Marken nicht nur sichtbar sind \u2013 sondern wirklich ankommen, bleiben und wachsen.<\/p><p data-start=\"2158\" data-end=\"2435\">Der Elkj\u00f8p Campus zeigt, wie wir Strategie, Umsetzung und Markenerlebnis nahtlos verbinden. Und nach dem Event ist f\u00fcr uns nicht Schluss: Wir liefern Aktivierungspl\u00e4ne, Store-Feedback, KPIs und langfristige Begleitung, um sicherzustellen, dass aus Aufwand echtes Wachstum wird.<\/p><p data-start=\"2437\" data-end=\"2499\" data-is-last-node=\"\" data-is-only-node=\"\"><strong data-start=\"2437\" data-end=\"2499\" data-is-last-node=\"\">Denn Retail-Erfolg wird nicht gebucht \u2013 er wird aufgebaut.<\/strong><\/p>                    <\/div>\r\n                \r\n                            <\/div>\r\n        <\/div>\r\n    <\/div>\r\n\r\n    \t\t\t\t<\/div>\n\t\t\t\t<\/div>\n\t\t\t\t\t<\/div>\n\t\t\t\t<\/div>\n\t\t\t\t<\/div>\n\t\t","protected":false},"excerpt":{"rendered":"<p>Elkj\u00f8p Campus: Wo Handel Marken bewegt Nordeuropas gr\u00f6\u00dfter Einzelh\u00e4ndler f\u00fcr technische Produkte. \u00dcber 400 Gesch\u00e4ft und mehr als 10.000 Mitarbeiter. Elkj\u00f8p steht an der Spitze des nordischen Einzelhandels \u2013 aktiv in Norwegen, Schweden, D\u00e4nemark und Finnland unter bekannten Marken wie Elgiganten und Gigantti. Mit tiefer Kategorie-Expertise, starker Omnichannel-Pr\u00e4senz und hohem Kundenservice-Standard ist Elkj\u00f8p nicht nur [&hellip;]<\/p>\n","protected":false},"author":1,"featured_media":0,"comment_status":"open","ping_status":"open","sticky":false,"template":"","format":"standard","meta":{"_acf_changed":false,"inline_featured_image":false,"footnotes":""},"categories":[7],"tags":[],"class_list":["post-8622","post","type-post","status-publish","format-standard","hentry","category-unkategorisiert"],"acf":[],"yoast_head":"<!-- This site is optimized with the Yoast SEO Premium plugin v25.4 (Yoast SEO v25.4) - https:\/\/yoast.com\/wordpress\/plugins\/seo\/ -->\n<title>Insights zu Elkj\u00f8p - Nordeuropas gr\u00f6\u00dfter Tech-H\u00e4ndler - nonplusultra - Your EMEA Retail Growth Partners<\/title>\n<meta name=\"description\" content=\"Finde heraus wie Elkj\u00f8p - Nordeuropas gr\u00f6\u00dfter Tech-H\u00e4ndler - tickt und wie CE-Marken in diesem Markt erfolgreich sein k\u00f6nnen. Mehr erfahren!\" \/>\n<meta name=\"robots\" content=\"index, follow, max-snippet:-1, max-image-preview:large, max-video-preview:-1\" \/>\n<link rel=\"canonical\" href=\"https:\/\/nonplusultra.eu\/de\/elkjoep-nordeuropas-groesster-tech-haendler\/\" \/>\n<meta property=\"og:locale\" content=\"de_DE\" \/>\n<meta property=\"og:type\" content=\"article\" \/>\n<meta property=\"og:title\" content=\"Elkj\u00f8p Nordeuropas gr\u00f6\u00dfter Tech-H\u00e4ndler\" \/>\n<meta property=\"og:description\" content=\"Finde heraus wie Elkj\u00f8p - Nordeuropas gr\u00f6\u00dfter Tech-H\u00e4ndler - tickt und wie CE-Marken in diesem Markt erfolgreich sein k\u00f6nnen. Mehr erfahren!\" \/>\n<meta property=\"og:url\" content=\"https:\/\/nonplusultra.eu\/de\/elkjoep-nordeuropas-groesster-tech-haendler\/\" \/>\n<meta property=\"og:site_name\" content=\"nonplusultra - Your EMEA Retail Growth Partners\" \/>\n<meta property=\"article:published_time\" content=\"2025-06-03T08:34:33+00:00\" \/>\n<meta property=\"article:modified_time\" content=\"2025-06-03T08:41:51+00:00\" \/>\n<meta name=\"author\" content=\"npuadmin\" \/>\n<meta name=\"twitter:card\" content=\"summary_large_image\" \/>\n<meta name=\"twitter:label1\" content=\"Verfasst von\" \/>\n\t<meta name=\"twitter:data1\" content=\"npuadmin\" \/>\n\t<meta name=\"twitter:label2\" content=\"Gesch\u00e4tzte Lesezeit\" \/>\n\t<meta name=\"twitter:data2\" content=\"4 Minuten\" \/>\n<script type=\"application\/ld+json\" class=\"yoast-schema-graph\">{\"@context\":\"https:\/\/schema.org\",\"@graph\":[{\"@type\":\"Article\",\"@id\":\"https:\/\/nonplusultra.eu\/de\/elkjoep-nordeuropas-groesster-tech-haendler\/#article\",\"isPartOf\":{\"@id\":\"https:\/\/nonplusultra.eu\/de\/elkjoep-nordeuropas-groesster-tech-haendler\/\"},\"author\":{\"name\":\"npuadmin\",\"@id\":\"https:\/\/nonplusultra.eu\/#\/schema\/person\/dbb9c4a23f9cbe191092b783e9b0eea1\"},\"headline\":\"Elkj\u00f8p Nordeuropas gr\u00f6\u00dfter Tech-H\u00e4ndler\",\"datePublished\":\"2025-06-03T08:34:33+00:00\",\"dateModified\":\"2025-06-03T08:41:51+00:00\",\"mainEntityOfPage\":{\"@id\":\"https:\/\/nonplusultra.eu\/de\/elkjoep-nordeuropas-groesster-tech-haendler\/\"},\"wordCount\":751,\"commentCount\":0,\"publisher\":{\"@id\":\"https:\/\/nonplusultra.eu\/#organization\"},\"articleSection\":[\"Unkategorisiert\"],\"inLanguage\":\"de-DE\",\"potentialAction\":[{\"@type\":\"CommentAction\",\"name\":\"Comment\",\"target\":[\"https:\/\/nonplusultra.eu\/de\/elkjoep-nordeuropas-groesster-tech-haendler\/#respond\"]}]},{\"@type\":\"WebPage\",\"@id\":\"https:\/\/nonplusultra.eu\/de\/elkjoep-nordeuropas-groesster-tech-haendler\/\",\"url\":\"https:\/\/nonplusultra.eu\/de\/elkjoep-nordeuropas-groesster-tech-haendler\/\",\"name\":\"Insights zu Elkj\u00f8p - Nordeuropas gr\u00f6\u00dfter Tech-H\u00e4ndler - nonplusultra - Your EMEA Retail Growth Partners\",\"isPartOf\":{\"@id\":\"https:\/\/nonplusultra.eu\/#website\"},\"datePublished\":\"2025-06-03T08:34:33+00:00\",\"dateModified\":\"2025-06-03T08:41:51+00:00\",\"description\":\"Finde heraus wie Elkj\u00f8p - Nordeuropas gr\u00f6\u00dfter Tech-H\u00e4ndler - tickt und wie CE-Marken in diesem Markt erfolgreich sein k\u00f6nnen. Mehr erfahren!\",\"breadcrumb\":{\"@id\":\"https:\/\/nonplusultra.eu\/de\/elkjoep-nordeuropas-groesster-tech-haendler\/#breadcrumb\"},\"inLanguage\":\"de-DE\",\"potentialAction\":[{\"@type\":\"ReadAction\",\"target\":[\"https:\/\/nonplusultra.eu\/de\/elkjoep-nordeuropas-groesster-tech-haendler\/\"]}]},{\"@type\":\"BreadcrumbList\",\"@id\":\"https:\/\/nonplusultra.eu\/de\/elkjoep-nordeuropas-groesster-tech-haendler\/#breadcrumb\",\"itemListElement\":[{\"@type\":\"ListItem\",\"position\":1,\"name\":\"Home\",\"item\":\"https:\/\/nonplusultra.eu\/de\/\"},{\"@type\":\"ListItem\",\"position\":2,\"name\":\"Elkj\u00f8p Nordeuropas gr\u00f6\u00dfter Tech-H\u00e4ndler\"}]},{\"@type\":\"WebSite\",\"@id\":\"https:\/\/nonplusultra.eu\/#website\",\"url\":\"https:\/\/nonplusultra.eu\/\",\"name\":\"nonplusultra\",\"description\":\"nonplusultra partners with consumer electronics brands to scale across EMEA with innovative retail solutions, omnichannel expertise, and data-driven strategies.\",\"publisher\":{\"@id\":\"https:\/\/nonplusultra.eu\/#organization\"},\"potentialAction\":[{\"@type\":\"SearchAction\",\"target\":{\"@type\":\"EntryPoint\",\"urlTemplate\":\"https:\/\/nonplusultra.eu\/?s={search_term_string}\"},\"query-input\":{\"@type\":\"PropertyValueSpecification\",\"valueRequired\":true,\"valueName\":\"search_term_string\"}}],\"inLanguage\":\"de-DE\"},{\"@type\":\"Organization\",\"@id\":\"https:\/\/nonplusultra.eu\/#organization\",\"name\":\"nonplusultra\",\"url\":\"https:\/\/nonplusultra.eu\/\",\"logo\":{\"@type\":\"ImageObject\",\"inLanguage\":\"de-DE\",\"@id\":\"https:\/\/nonplusultra.eu\/#\/schema\/logo\/image\/\",\"url\":\"https:\/\/nonplusultra.eu\/wp-content\/uploads\/2024\/08\/nonplusultra_logo_erfolgsgeschichte_scale_up_NOBG-color.svg\",\"contentUrl\":\"https:\/\/nonplusultra.eu\/wp-content\/uploads\/2024\/08\/nonplusultra_logo_erfolgsgeschichte_scale_up_NOBG-color.svg\",\"width\":151,\"height\":33,\"caption\":\"nonplusultra\"},\"image\":{\"@id\":\"https:\/\/nonplusultra.eu\/#\/schema\/logo\/image\/\"},\"sameAs\":[\"https:\/\/www.linkedin.com\/company\/nonplusultra\"]},{\"@type\":\"Person\",\"@id\":\"https:\/\/nonplusultra.eu\/#\/schema\/person\/dbb9c4a23f9cbe191092b783e9b0eea1\",\"name\":\"npuadmin\",\"image\":{\"@type\":\"ImageObject\",\"inLanguage\":\"de-DE\",\"@id\":\"https:\/\/nonplusultra.eu\/#\/schema\/person\/image\/\",\"url\":\"https:\/\/secure.gravatar.com\/avatar\/50c283a7b2c3153a66ea41dad3942f30?s=96&d=mm&r=g\",\"contentUrl\":\"https:\/\/secure.gravatar.com\/avatar\/50c283a7b2c3153a66ea41dad3942f30?s=96&d=mm&r=g\",\"caption\":\"npuadmin\"},\"sameAs\":[\"https:\/\/nonplusultra.eu\"],\"url\":\"https:\/\/nonplusultra.eu\/de\/author\/npuadmin\/\"}]}<\/script>\n<!-- \/ Yoast SEO Premium plugin. -->","yoast_head_json":{"title":"Insights zu Elkj\u00f8p - Nordeuropas gr\u00f6\u00dfter Tech-H\u00e4ndler - nonplusultra - Your EMEA Retail Growth Partners","description":"Finde heraus wie Elkj\u00f8p - Nordeuropas gr\u00f6\u00dfter Tech-H\u00e4ndler - tickt und wie CE-Marken in diesem Markt erfolgreich sein k\u00f6nnen. Mehr erfahren!","robots":{"index":"index","follow":"follow","max-snippet":"max-snippet:-1","max-image-preview":"max-image-preview:large","max-video-preview":"max-video-preview:-1"},"canonical":"https:\/\/nonplusultra.eu\/de\/elkjoep-nordeuropas-groesster-tech-haendler\/","og_locale":"de_DE","og_type":"article","og_title":"Elkj\u00f8p Nordeuropas gr\u00f6\u00dfter Tech-H\u00e4ndler","og_description":"Finde heraus wie Elkj\u00f8p - Nordeuropas gr\u00f6\u00dfter Tech-H\u00e4ndler - tickt und wie CE-Marken in diesem Markt erfolgreich sein k\u00f6nnen. Mehr erfahren!","og_url":"https:\/\/nonplusultra.eu\/de\/elkjoep-nordeuropas-groesster-tech-haendler\/","og_site_name":"nonplusultra - Your EMEA Retail Growth Partners","article_published_time":"2025-06-03T08:34:33+00:00","article_modified_time":"2025-06-03T08:41:51+00:00","author":"npuadmin","twitter_card":"summary_large_image","twitter_misc":{"Verfasst von":"npuadmin","Gesch\u00e4tzte Lesezeit":"4 Minuten"},"schema":{"@context":"https:\/\/schema.org","@graph":[{"@type":"Article","@id":"https:\/\/nonplusultra.eu\/de\/elkjoep-nordeuropas-groesster-tech-haendler\/#article","isPartOf":{"@id":"https:\/\/nonplusultra.eu\/de\/elkjoep-nordeuropas-groesster-tech-haendler\/"},"author":{"name":"npuadmin","@id":"https:\/\/nonplusultra.eu\/#\/schema\/person\/dbb9c4a23f9cbe191092b783e9b0eea1"},"headline":"Elkj\u00f8p Nordeuropas gr\u00f6\u00dfter Tech-H\u00e4ndler","datePublished":"2025-06-03T08:34:33+00:00","dateModified":"2025-06-03T08:41:51+00:00","mainEntityOfPage":{"@id":"https:\/\/nonplusultra.eu\/de\/elkjoep-nordeuropas-groesster-tech-haendler\/"},"wordCount":751,"commentCount":0,"publisher":{"@id":"https:\/\/nonplusultra.eu\/#organization"},"articleSection":["Unkategorisiert"],"inLanguage":"de-DE","potentialAction":[{"@type":"CommentAction","name":"Comment","target":["https:\/\/nonplusultra.eu\/de\/elkjoep-nordeuropas-groesster-tech-haendler\/#respond"]}]},{"@type":"WebPage","@id":"https:\/\/nonplusultra.eu\/de\/elkjoep-nordeuropas-groesster-tech-haendler\/","url":"https:\/\/nonplusultra.eu\/de\/elkjoep-nordeuropas-groesster-tech-haendler\/","name":"Insights zu Elkj\u00f8p - Nordeuropas gr\u00f6\u00dfter Tech-H\u00e4ndler - nonplusultra - Your EMEA Retail Growth Partners","isPartOf":{"@id":"https:\/\/nonplusultra.eu\/#website"},"datePublished":"2025-06-03T08:34:33+00:00","dateModified":"2025-06-03T08:41:51+00:00","description":"Finde heraus wie Elkj\u00f8p - Nordeuropas gr\u00f6\u00dfter Tech-H\u00e4ndler - tickt und wie CE-Marken in diesem Markt erfolgreich sein k\u00f6nnen. Mehr erfahren!","breadcrumb":{"@id":"https:\/\/nonplusultra.eu\/de\/elkjoep-nordeuropas-groesster-tech-haendler\/#breadcrumb"},"inLanguage":"de-DE","potentialAction":[{"@type":"ReadAction","target":["https:\/\/nonplusultra.eu\/de\/elkjoep-nordeuropas-groesster-tech-haendler\/"]}]},{"@type":"BreadcrumbList","@id":"https:\/\/nonplusultra.eu\/de\/elkjoep-nordeuropas-groesster-tech-haendler\/#breadcrumb","itemListElement":[{"@type":"ListItem","position":1,"name":"Home","item":"https:\/\/nonplusultra.eu\/de\/"},{"@type":"ListItem","position":2,"name":"Elkj\u00f8p Nordeuropas gr\u00f6\u00dfter Tech-H\u00e4ndler"}]},{"@type":"WebSite","@id":"https:\/\/nonplusultra.eu\/#website","url":"https:\/\/nonplusultra.eu\/","name":"nonplusultra","description":"nonplusultra partners with consumer electronics brands to scale across EMEA with innovative retail solutions, omnichannel expertise, and data-driven strategies.","publisher":{"@id":"https:\/\/nonplusultra.eu\/#organization"},"potentialAction":[{"@type":"SearchAction","target":{"@type":"EntryPoint","urlTemplate":"https:\/\/nonplusultra.eu\/?s={search_term_string}"},"query-input":{"@type":"PropertyValueSpecification","valueRequired":true,"valueName":"search_term_string"}}],"inLanguage":"de-DE"},{"@type":"Organization","@id":"https:\/\/nonplusultra.eu\/#organization","name":"nonplusultra","url":"https:\/\/nonplusultra.eu\/","logo":{"@type":"ImageObject","inLanguage":"de-DE","@id":"https:\/\/nonplusultra.eu\/#\/schema\/logo\/image\/","url":"https:\/\/nonplusultra.eu\/wp-content\/uploads\/2024\/08\/nonplusultra_logo_erfolgsgeschichte_scale_up_NOBG-color.svg","contentUrl":"https:\/\/nonplusultra.eu\/wp-content\/uploads\/2024\/08\/nonplusultra_logo_erfolgsgeschichte_scale_up_NOBG-color.svg","width":151,"height":33,"caption":"nonplusultra"},"image":{"@id":"https:\/\/nonplusultra.eu\/#\/schema\/logo\/image\/"},"sameAs":["https:\/\/www.linkedin.com\/company\/nonplusultra"]},{"@type":"Person","@id":"https:\/\/nonplusultra.eu\/#\/schema\/person\/dbb9c4a23f9cbe191092b783e9b0eea1","name":"npuadmin","image":{"@type":"ImageObject","inLanguage":"de-DE","@id":"https:\/\/nonplusultra.eu\/#\/schema\/person\/image\/","url":"https:\/\/secure.gravatar.com\/avatar\/50c283a7b2c3153a66ea41dad3942f30?s=96&d=mm&r=g","contentUrl":"https:\/\/secure.gravatar.com\/avatar\/50c283a7b2c3153a66ea41dad3942f30?s=96&d=mm&r=g","caption":"npuadmin"},"sameAs":["https:\/\/nonplusultra.eu"],"url":"https:\/\/nonplusultra.eu\/de\/author\/npuadmin\/"}]}},"_links":{"self":[{"href":"https:\/\/nonplusultra.eu\/de\/wp-json\/wp\/v2\/posts\/8622"}],"collection":[{"href":"https:\/\/nonplusultra.eu\/de\/wp-json\/wp\/v2\/posts"}],"about":[{"href":"https:\/\/nonplusultra.eu\/de\/wp-json\/wp\/v2\/types\/post"}],"author":[{"embeddable":true,"href":"https:\/\/nonplusultra.eu\/de\/wp-json\/wp\/v2\/users\/1"}],"replies":[{"embeddable":true,"href":"https:\/\/nonplusultra.eu\/de\/wp-json\/wp\/v2\/comments?post=8622"}],"version-history":[{"count":16,"href":"https:\/\/nonplusultra.eu\/de\/wp-json\/wp\/v2\/posts\/8622\/revisions"}],"predecessor-version":[{"id":8679,"href":"https:\/\/nonplusultra.eu\/de\/wp-json\/wp\/v2\/posts\/8622\/revisions\/8679"}],"wp:attachment":[{"href":"https:\/\/nonplusultra.eu\/de\/wp-json\/wp\/v2\/media?parent=8622"}],"wp:term":[{"taxonomy":"category","embeddable":true,"href":"https:\/\/nonplusultra.eu\/de\/wp-json\/wp\/v2\/categories?post=8622"},{"taxonomy":"post_tag","embeddable":true,"href":"https:\/\/nonplusultra.eu\/de\/wp-json\/wp\/v2\/tags?post=8622"}],"curies":[{"name":"wp","href":"https:\/\/api.w.org\/{rel}","templated":true}]}}